{"id":2506,"date":"2019-02-26T11:12:09","date_gmt":"2019-02-26T10:12:09","guid":{"rendered":"http:\/\/www.nossanljusfestival.se\/wp\/?p=2506"},"modified":"2019-02-26T11:14:36","modified_gmt":"2019-02-26T10:14:36","slug":"arsmote-kick-off","status":"publish","type":"post","link":"https:\/\/www.nossanljusfestival.se\/wp\/?p=2506","title":{"rendered":"\u00c5rsm\u00f6te &#038; Kick-off!"},"content":{"rendered":"\n<p>D\u00e5 var det dags f\u00f6r Framtidsf\u00f6reningens \u00c5rsm\u00f6te och Kick-off tisdagen den 5\/3 kl 18.30 p\u00e5 Gr\u00e4storps Kulturhus! V\u00e4lkommen!<\/p>\n\n\n\n<figure class=\"wp-block-image\"><img fetchpriority=\"high\" decoding=\"async\" width=\"1024\" height=\"647\" src=\"https:\/\/www.nossanljusfestival.se\/wp\/wp-content\/uploads\/2019\/02\/IMG_3671-3-1024x647.jpg\" alt=\"\" class=\"wp-image-2507\" srcset=\"https:\/\/www.nossanljusfestival.se\/wp\/wp-content\/uploads\/2019\/02\/IMG_3671-3-1024x647.jpg 1024w, https:\/\/www.nossanljusfestival.se\/wp\/wp-content\/uploads\/2019\/02\/IMG_3671-3-300x189.jpg 300w, https:\/\/www.nossanljusfestival.se\/wp\/wp-content\/uploads\/2019\/02\/IMG_3671-3-768x485.jpg 768w\" sizes=\"(max-width: 767px) 89vw, (max-width: 1000px) 54vw, (max-width: 1071px) 543px, 580px\" \/><\/figure>\n","protected":false},"excerpt":{"rendered":"<p>D\u00e5 var det dags f\u00f6r Framtidsf\u00f6reningens \u00c5rsm\u00f6te och Kick-off tisdagen den 5\/3 kl 18.30 p\u00e5 Gr\u00e4storps Kulturhus! V\u00e4lkommen!<\/p>\n","protected":false},"author":4,"featured_media":0,"comment_status":"closed","ping_status":"open","sticky":false,"template":"","format":"standard","meta":{"ngg_post_thumbnail":0,"footnotes":""},"categories":[5],"tags":[],"class_list":["post-2506","post","type-post","status-publish","format-standard","hentry","category-nyhet"],"_links":{"self":[{"href":"https:\/\/www.nossanljusfestival.se\/wp\/index.php?rest_route=\/wp\/v2\/posts\/2506","targetHints":{"allow":["GET"]}}],"collection":[{"href":"https:\/\/www.nossanljusfestival.se\/wp\/index.php?rest_route=\/wp\/v2\/posts"}],"about":[{"href":"https:\/\/www.nossanljusfestival.se\/wp\/index.php?rest_route=\/wp\/v2\/types\/post"}],"author":[{"embeddable":true,"href":"https:\/\/www.nossanljusfestival.se\/wp\/index.php?rest_route=\/wp\/v2\/users\/4"}],"replies":[{"embeddable":true,"href":"https:\/\/www.nossanljusfestival.se\/wp\/index.php?rest_route=%2Fwp%2Fv2%2Fcomments&post=2506"}],"version-history":[{"count":4,"href":"https:\/\/www.nossanljusfestival.se\/wp\/index.php?rest_route=\/wp\/v2\/posts\/2506\/revisions"}],"predecessor-version":[{"id":2511,"href":"https:\/\/www.nossanljusfestival.se\/wp\/index.php?rest_route=\/wp\/v2\/posts\/2506\/revisions\/2511"}],"wp:attachment":[{"href":"https:\/\/www.nossanljusfestival.se\/wp\/index.php?rest_route=%2Fwp%2Fv2%2Fmedia&parent=2506"}],"wp:term":[{"taxonomy":"category","embeddable":true,"href":"https:\/\/www.nossanljusfestival.se\/wp\/index.php?rest_route=%2Fwp%2Fv2%2Fcategories&post=2506"},{"taxonomy":"post_tag","embeddable":true,"href":"https:\/\/www.nossanljusfestival.se\/wp\/index.php?rest_route=%2Fwp%2Fv2%2Ftags&post=2506"}],"curies":[{"name":"wp","href":"https:\/\/api.w.org\/{rel}","templated":true}]}}