{"id":2650,"date":"2019-12-04T13:41:01","date_gmt":"2019-12-04T12:41:01","guid":{"rendered":"http:\/\/www.nossanljusfestival.se\/wp\/?p=2650"},"modified":"2020-01-18T13:06:50","modified_gmt":"2020-01-18T12:06:50","slug":"kalender-for-2020","status":"publish","type":"post","link":"https:\/\/www.nossanljusfestival.se\/wp\/?p=2650","title":{"rendered":"Kalender f\u00f6r 2020!"},"content":{"rendered":"\n<p>Nu finns v\u00e5r kalender f\u00f6r 2020 med 12 fina bilder fr\u00e5n \u00e5rets Ljusfestival till f\u00f6rs\u00e4ljning hos ICA och Gulf i Gr\u00e4storp eller ring Claes p\u00e5 070-757 74 09 f\u00f6r best\u00e4llning!<\/p>\n\n\n\n<figure class=\"wp-block-image size-large\"><img fetchpriority=\"high\" decoding=\"async\" width=\"1024\" height=\"774\" src=\"https:\/\/www.nossanljusfestival.se\/wp\/wp-content\/uploads\/2019\/12\/IMG_E5417-1024x774.jpg\" alt=\"\" class=\"wp-image-2651\" srcset=\"https:\/\/www.nossanljusfestival.se\/wp\/wp-content\/uploads\/2019\/12\/IMG_E5417-1024x774.jpg 1024w, https:\/\/www.nossanljusfestival.se\/wp\/wp-content\/uploads\/2019\/12\/IMG_E5417-300x227.jpg 300w, https:\/\/www.nossanljusfestival.se\/wp\/wp-content\/uploads\/2019\/12\/IMG_E5417-768x581.jpg 768w, https:\/\/www.nossanljusfestival.se\/wp\/wp-content\/uploads\/2019\/12\/IMG_E5417-1536x1161.jpg 1536w, https:\/\/www.nossanljusfestival.se\/wp\/wp-content\/uploads\/2019\/12\/IMG_E5417-2048x1549.jpg 2048w\" sizes=\"(max-width: 767px) 89vw, (max-width: 1000px) 54vw, (max-width: 1071px) 543px, 580px\" \/><\/figure>\n\n\n\n<p><\/p>\n","protected":false},"excerpt":{"rendered":"<p>Nu finns v\u00e5r kalender f\u00f6r 2020 med 12 fina bilder fr\u00e5n \u00e5rets Ljusfestival till f\u00f6rs\u00e4ljning hos ICA och Gulf i Gr\u00e4storp eller ring Claes p\u00e5 070-757 74 09 f\u00f6r best\u00e4llning!<\/p>\n","protected":false},"author":4,"featured_media":0,"comment_status":"closed","ping_status":"open","sticky":false,"template":"","format":"standard","meta":{"ngg_post_thumbnail":0,"footnotes":""},"categories":[5],"tags":[],"class_list":["post-2650","post","type-post","status-publish","format-standard","hentry","category-nyhet"],"_links":{"self":[{"href":"https:\/\/www.nossanljusfestival.se\/wp\/index.php?rest_route=\/wp\/v2\/posts\/2650","targetHints":{"allow":["GET"]}}],"collection":[{"href":"https:\/\/www.nossanljusfestival.se\/wp\/index.php?rest_route=\/wp\/v2\/posts"}],"about":[{"href":"https:\/\/www.nossanljusfestival.se\/wp\/index.php?rest_route=\/wp\/v2\/types\/post"}],"author":[{"embeddable":true,"href":"https:\/\/www.nossanljusfestival.se\/wp\/index.php?rest_route=\/wp\/v2\/users\/4"}],"replies":[{"embeddable":true,"href":"https:\/\/www.nossanljusfestival.se\/wp\/index.php?rest_route=%2Fwp%2Fv2%2Fcomments&post=2650"}],"version-history":[{"count":2,"href":"https:\/\/www.nossanljusfestival.se\/wp\/index.php?rest_route=\/wp\/v2\/posts\/2650\/revisions"}],"predecessor-version":[{"id":2661,"href":"https:\/\/www.nossanljusfestival.se\/wp\/index.php?rest_route=\/wp\/v2\/posts\/2650\/revisions\/2661"}],"wp:attachment":[{"href":"https:\/\/www.nossanljusfestival.se\/wp\/index.php?rest_route=%2Fwp%2Fv2%2Fmedia&parent=2650"}],"wp:term":[{"taxonomy":"category","embeddable":true,"href":"https:\/\/www.nossanljusfestival.se\/wp\/index.php?rest_route=%2Fwp%2Fv2%2Fcategories&post=2650"},{"taxonomy":"post_tag","embeddable":true,"href":"https:\/\/www.nossanljusfestival.se\/wp\/index.php?rest_route=%2Fwp%2Fv2%2Ftags&post=2650"}],"curies":[{"name":"wp","href":"https:\/\/api.w.org\/{rel}","templated":true}]}}